{"id":953,"date":"2020-12-04T20:27:25","date_gmt":"2020-12-04T20:27:25","guid":{"rendered":"http:\/\/www.arielpalacio.com.ar\/blog\/?p=953"},"modified":"2020-12-04T20:35:40","modified_gmt":"2020-12-04T20:35:40","slug":"la-importancia-que-se-le-ha-dado-al-barbijo-tambien-deberia-darse-a-los-ojos-2","status":"publish","type":"post","link":"http:\/\/www.arielpalacio.com.ar\/blog\/docencia\/entrevistas\/la-importancia-que-se-le-ha-dado-al-barbijo-tambien-deberia-darse-a-los-ojos-2\/","title":{"rendered":"\u00abLa importancia que se le ha dado al barbijo tambi\u00e9n deber\u00eda darse a los ojos\u00bb"},"content":{"rendered":"<p>[et_pb_section fb_built=\u00bb1&#8243; _builder_version=\u00bb4.5.1&#8243; _module_preset=\u00bbdefault\u00bb][et_pb_row column_structure=\u00bb2_3,1_3&#8243; _builder_version=\u00bb4.5.7&#8243; _module_preset=\u00bbdefault\u00bb][et_pb_column type=\u00bb2_3&#8243; _builder_version=\u00bb4.5.7&#8243; _module_preset=\u00bbdefault\u00bb][et_pb_text _builder_version=\u00bb4.6.6&#8243; _module_preset=\u00bbdefault\u00bb header_4_line_height=\u00bb1.8em\u00bb]<\/p>\n<h4><span class=\"COPETE\">El dise\u00f1ador Industrial Ariel Palacio dialog\u00f3 con Pick&amp;Roll en torno a lo que se ha generado respecto de las m\u00e1scaras protectoras y el nuevo desarrollo para jugar al basquet post pandemia. \u00bfSer\u00e1 realmente posible? Nos da varios indicadores respecto a su uso e innovaci\u00f3n para introducirlo con la naranja.<\/span><\/h4>\n<p><i><\/i><\/p>\n<p>Luego de la notable repercusi\u00f3n de la nota realizada sobre<span>\u00a0<\/span>las m\u00e1scaras protectoras deportivas<a href=\"http:\/\/pickandroll.com.ar\/noticias\/00052053\/la-nueva-revolucion-en-el-basquet\/\"><\/a><span>\u00a0<\/span>y su desarrollo dentro del deporte, nos adentramos en algo m\u00e1s profundo para entender todo su significado en s\u00ed. La inclusi\u00f3n dentro de las mismas en la sociedad y para la realizaci\u00f3n del deporte en todo momento sin problemas de respiraci\u00f3n y uso normal en la actividad.<\/p>\n<p>Ariel Palacio es Dise\u00f1ador Industrial. Magister en Creacion de Producto, egresado de la Universidad Politecnica de Catalunia. Ha sido Profesor en la UNLP, UP, UADE y UNRN, hoy radicado en Bah\u00eda Blanca es Profesor titular en la UNS. Nos dej\u00f3 varias cuestiones a entender acerca de esta revoluci\u00f3n que podr\u00eda generarse dentro de la ciudad, el pa\u00eds y a nivel mundial con su desarrollo, evoluci\u00f3n y puesta a punto en el deporte y l\u00f3gicamente el basquet como nuestro punto central.\u00a0<\/p>\n<p><b>\u00bfComo introducir las m\u00e1scaras y protecciones como el barbijo dentro del basquet?<\/b><\/p>\n<p><i>\u00abPrimeramente lo que hay que destacar son los cambios de paradigma. Por ejemplo cuando arranc\u00f3 esta cuarentena, comenzaron a plantearse esta situaci\u00f3n del uso de los barbijos. En principio nadie se hubiese imaginado la realidad de hoy de andar todos con barbijos dos o tres meses atr\u00e1s, lo cual considero que hay un cambio de paradigma. A medida que fue avanzando la cuarentena empieza el mercado a obtener otra oferta de productos, entonces en el caso de los barbijos hay una eclosi\u00f3n importante\u00bb<\/i><\/p>\n<p><i>\u00abAlgunos de ellos, de los cuales estuve mirando e investigando podr\u00edan estar muy cercanos a ser alg\u00fan tipo de actividad deportiva. Cabe destacar que hay otro paradigma que hay que atender ah\u00ed que es el tema de la parte ocular que est\u00e1 olvidada. Desde mi mirada que es retrospectiva, cuando arranca todo este fen\u00f3meno de las m\u00e1scaras, la creatividad de comenzar poni\u00e9ndose botellas mas armadas. Comienzan a aparecer vinchas impresas 3D para m\u00e1scaras faciales, toda una protecci\u00f3n facial porque el problema suscita en el contagio por mucosa\u00bb<\/i><\/p>\n<p><i>\u00abA partir de esa situaci\u00f3n, en mi car\u00e1cter de dise\u00f1ador industrial empiezo a analizar el tema desde ese punto de vista. La problem\u00e1tica es grave, hay una mirada desde el pensamiento unidireccional o vertical donde est\u00e1 todo centrado en lo que todos deseamos que es la b\u00fasqueda de la vacuna y todo rueda alrededor de ese tipo de cuestiones. En mi especialidad como creaci\u00f3n de producto tengo la mirada lateral en ese sentido entonces mi an\u00e1lisis pasa por ver si puede tener un poco de protecci\u00f3n y me preguntaba como pod\u00eda generarse la protecci\u00f3n ocular tambi\u00e9n\u00bb<\/i><\/p>\n<p><b>Adem\u00e1s nos coment\u00f3 de su utilizaci\u00f3n, la presencia de gafas y su desarrollo natural<\/b><\/p>\n<p><i>\u00abEn principio decir que mi mirada es integral y despu\u00e9s llevada a los deportes. Podr\u00edamos analizar alg\u00fan tipo de protecci\u00f3n existente en el mercado respecto del basquet. El deporte en s\u00ed tiene generalmente a lo largo de los a\u00f1os protecciones. Todo lo que tiene que ver con el motociclismo con los cascos, el mundo de la bicicleta tambi\u00e9n, en la mayor\u00eda de los deportes vas a encontrar vos tambi\u00e9n que hay alg\u00fan tipo de protecci\u00f3n como el futbol Americano, nataci\u00f3n utiliza unos lentes para cuidarse de los productos qu\u00edmicos del agua\u00bb<\/i><\/p>\n<p><i>\u00abNosotros tenemos que pensar en una protecci\u00f3n desde las mucosas, yo he visto jugadores dentro del basquet jugando con m\u00e1scaras por alg\u00fan problema maxilar o de tabique. Lo mismo para los ojos por alguna operaci\u00f3n o desprendimiento de retina utilizan gafas o bien usan lentes bien sellados. El hecho de pensar en un acompa\u00f1amiento de unos lentes con alg\u00fan tipo de barbijo que se le pueda destinar para el deporte. Hay muchas marcas con productos interesantes hechos en silicona con muy buena respirabilidad en un alto porcentaje\u00bb<\/i><\/p>\n<p><i>\u00abAc\u00e1 en Bah\u00eda Blanca trabajando con un colega planteamos un posible producto que permita el 100% de la respirabilidad entonces me parece que alg\u00fan tipo de barbijo que nosotros lo llamamos BarbiMask y que proteja la zona buconasal y unas buenas gafas, en el mercado hay de diferentes valores. Todo eso acompa\u00f1ado de los protocolos que existan en el deporte como otros \u00e1mbitos una buena manera de tenerlos en cuenta\u00bb<\/i><\/p>\n<p><b>Palacio profundiz\u00f3 sobre las gafas y entender su importancia para darle otro auge en estos momento de pandemia y su acondicionamiento deportivo<\/b><\/p>\n<p><i>\u00abEn lo que respecta a las m\u00e1scaras ser\u00eda una soluci\u00f3n muy interesante de cara al futuro. Hoy todav\u00eda no hay un desarrollo profundo sobre el tema, tengo una inquietud respecto de las m\u00e1scaras que viene ya desde hace tiempo en mi vida. Hoy el mercado no ofrece a nivel deportivo muy buenas m\u00e1scaras faciales que generalmente uno de los grandes problemas que tienen es que se empa\u00f1an por ejemplo. Por eso es interesante separar lo que son los ojos y sus m\u00e1scaras, el cuales tenemos un mercado importante, de lo que es la parte de la nariz y la boca\u00bb<\/i><\/p>\n<p><i>\u00abHay gafas muy buenas que pueden cumplir la funci\u00f3n. Particularmente me llama la atenci\u00f3n que todos usamos barbijos y ninguno protecci\u00f3n ocular. Ser\u00eda tan importante como el barbijo por eso el cambio de paradigma que deber\u00eda darse. Podr\u00edamos poner el ejemplo del casco en el codo, el cual no est\u00e1 siendo de mucha utilidad porque su seguridad corre peligro. Lo mismo pasa con las personas que llevan el barbijo en el cuello, si se acerca y te habla pueden contagiarse por los ojos\u00bb<\/i><\/p>\n<p><i>\u00abLa importancia que se le ha dado al barbijo tambi\u00e9n deber\u00eda darse a los ojos. Incluso con los que est\u00e1n frente al COVID en situaci\u00f3n hospitalaria trabajan con m\u00e1scaras, gafas, barbijos, entonces la verdad que la sociedad podr\u00eda copiar el barbijo, que hoy los tenemos en todos los talles y modelos. La protecci\u00f3n ocular ser\u00eda importante incorporarla tambi\u00e9n y en el caso de no contar con muchas m\u00e1scaras integrales bien resueltas me parece bueno separar lente de lo que es barbijo\u00bb<\/i><\/p>\n<p>[\/et_pb_text][et_pb_button button_url=\u00bbhttp:\/\/pickandroll.com.ar\/noticias\/00052068\/la-importancia-que-se-le-ha-dado-al-barbijo-tambien-deberia-darse-a-los-ojos\/\u00bb url_new_window=\u00bbon\u00bb button_text=\u00bbVer nota\u00bb _builder_version=\u00bb4.6.6&#8243; _module_preset=\u00bbdefault\u00bb][\/et_pb_button][\/et_pb_column][et_pb_column type=\u00bb1_3&#8243; _builder_version=\u00bb4.5.7&#8243; _module_preset=\u00bbdefault\u00bb][et_pb_image src=\u00bbhttp:\/\/www.arielpalacio.com.ar\/blog\/wp-content\/uploads\/2020\/12\/8b70d4ec-29f8-4aea-b7be-a41af0c8e9cd-2.jpg\u00bb alt=\u00bbfoto lente protector\u00bb title_text=\u00bblente protector\u00bb _builder_version=\u00bb4.6.6&#8243; _module_preset=\u00bbdefault\u00bb hover_enabled=\u00bb0&#8243; sticky_enabled=\u00bb0&#8243;][\/et_pb_image][\/et_pb_column][\/et_pb_row][\/et_pb_section]<\/p>\n","protected":false},"excerpt":{"rendered":"<p>Luego de la notable repercusi\u00f3n de la nota realizada sobre..<\/p>\n","protected":false},"author":1,"featured_media":960,"comment_status":"open","ping_status":"open","sticky":false,"template":"","format":"standard","meta":{"_et_pb_use_builder":"on","_et_pb_old_content":"","_et_gb_content_width":"1080","footnotes":""},"categories":[13],"tags":[],"_links":{"self":[{"href":"http:\/\/www.arielpalacio.com.ar\/blog\/wp-json\/wp\/v2\/posts\/953"}],"collection":[{"href":"http:\/\/www.arielpalacio.com.ar\/blog\/wp-json\/wp\/v2\/posts"}],"about":[{"href":"http:\/\/www.arielpalacio.com.ar\/blog\/wp-json\/wp\/v2\/types\/post"}],"author":[{"embeddable":true,"href":"http:\/\/www.arielpalacio.com.ar\/blog\/wp-json\/wp\/v2\/users\/1"}],"replies":[{"embeddable":true,"href":"http:\/\/www.arielpalacio.com.ar\/blog\/wp-json\/wp\/v2\/comments?post=953"}],"version-history":[{"count":4,"href":"http:\/\/www.arielpalacio.com.ar\/blog\/wp-json\/wp\/v2\/posts\/953\/revisions"}],"predecessor-version":[{"id":961,"href":"http:\/\/www.arielpalacio.com.ar\/blog\/wp-json\/wp\/v2\/posts\/953\/revisions\/961"}],"wp:featuredmedia":[{"embeddable":true,"href":"http:\/\/www.arielpalacio.com.ar\/blog\/wp-json\/wp\/v2\/media\/960"}],"wp:attachment":[{"href":"http:\/\/www.arielpalacio.com.ar\/blog\/wp-json\/wp\/v2\/media?parent=953"}],"wp:term":[{"taxonomy":"category","embeddable":true,"href":"http:\/\/www.arielpalacio.com.ar\/blog\/wp-json\/wp\/v2\/categories?post=953"},{"taxonomy":"post_tag","embeddable":true,"href":"http:\/\/www.arielpalacio.com.ar\/blog\/wp-json\/wp\/v2\/tags?post=953"}],"curies":[{"name":"wp","href":"https:\/\/api.w.org\/{rel}","templated":true}]}}